{"id":8099,"date":"2021-03-02T12:51:14","date_gmt":"2021-03-02T11:51:14","guid":{"rendered":"https:\/\/sophieott.it\/?p=8099"},"modified":"2021-03-02T13:01:48","modified_gmt":"2021-03-02T12:01:48","slug":"sante-et-maladie-cessez-de-combatte-votre-corps","status":"publish","type":"post","link":"https:\/\/sophieott.it\/fr\/sante-et-maladie-cessez-de-combatte-votre-corps\/","title":{"rendered":"Sant\u00e9 et maladie. Cessez de combattre votre corps."},"content":{"rendered":"<div>\n<p class=\"Didefault\">La sant<span lang=\"FR\">\u00e9 et la maladie s&rsquo;excluent-elles mutuellement? En fait, pas n\u00e9cessairement. L&rsquo;Organisation Mondiale de la Sant\u00e9 <\/span>d<span lang=\"FR\">\u00e9finit elle-m\u00eame la sant\u00e9 des \u00eatres humains comme un \u00e9tat de complet bien-\u00eatre physique, mental et social. La sant\u00e9 n&rsquo;est donc pas simplement l&rsquo;absence de maladie ou autres infirmit\u00e9<\/span><span lang=\"PT\">s.<\/span><\/p>\n<\/div>\n<div>\n<blockquote>\n<p class=\"Didefault\"><i>La sant<\/i><i><span lang=\"FR\">\u00e9 est un \u00e9tat complet de bien-\u00eatre physique, mental et social.<\/span><\/i><\/p>\n<\/blockquote>\n<\/div>\n<div>\n<p class=\"Didefault\">La sant<span lang=\"FR\">\u00e9 est un objectif que nous pouvons tous poursuivre et atteindre. \u00c0 condition de <strong>changer notre fa<\/strong><\/span><strong><span lang=\"PT\">\u00e7<\/span><\/strong><span lang=\"FR\"><strong>on de concevoir la maladie<\/strong>. En fait, <strong>chaque sympt<\/strong><\/span><strong>\u00f4me<\/strong> peut \u00eatre accueilli comme\u00a0<span lang=\"FR\"><strong>un message que notre corps nous envoie<\/strong>. Mais avant de pouvoir comprendre ce message, il est important de changer notre point de vue sur la sant\u00e9 et la maladie.<\/span><\/p>\n<\/div>\n<div>\n<blockquote>\n<p class=\"Didefault\"><i>La sant<\/i><i><span lang=\"FR\">\u00e9 est un objectif que nous pouvons tous poursuivre, m\u00ea<\/span><\/i><i>me les personnes malades.<\/i><\/p>\n<\/blockquote>\n<\/div>\n<div>\n<h4><\/h4>\n<h4 class=\"Didefault\"><strong>Changez de point de vue<\/strong><\/h4>\n<\/div>\n<div>\n<p class=\"Didefault\">Lib<span lang=\"FR\">\u00e9rez-vous des id\u00e9es pr\u00e9<\/span>con<span lang=\"PT\">\u00e7<\/span><span lang=\"FR\">ues sur ce que signifie \u00eatre malade et ce que signifie \u00eatre en bonne sant\u00e9<\/span>. M<span lang=\"FR\">es ann\u00e9es d&rsquo;exp\u00e9rience en tant que m\u00e9decin m&rsquo;ont fait <\/span>comprendre\u00a0<span lang=\"FR\">que l&rsquo;un des probl\u00e8mes qui <\/span>rend <span lang=\"FR\">difficile ou freine <\/span>la gu\u00e9rison\u00a0<span lang=\"FR\">et <\/span>le\u00a0<span lang=\"FR\">bien-\u00eatre psycho-physique est notre attitude face \u00e0 la maladie. Elle devrait <\/span><span lang=\"FR\">\u00eatre r\u00e9<\/span>vis<span lang=\"FR\">\u00e9<\/span>e <span lang=\"FR\">\u00e0\u00a0<\/span>la base.<\/p>\n<\/div>\n<div>\n<p>&nbsp;<\/p>\n<h4 class=\"Didefault\"><strong style=\"color: #333333; font-size: 18px;\">Il est\u00a0<span lang=\"FR\">temps de faire la paix avec la maladie et le corps<\/span><\/strong><\/h4>\n<\/div>\n<div>\n<p class=\"Didefault\">La soci<span lang=\"FR\">\u00e9<\/span>t<span lang=\"FR\">\u00e9 occidentale est habitu\u00e9<\/span>e <span lang=\"FR\">\u00e0 <\/span>appr\u00e9hender\u00a0<span lang=\"FR\">le r<\/span>etour \u00e0 l<span lang=\"FR\">a sant\u00e9 comme un combat.<\/span>\u00a0<span lang=\"FR\">Nous entendons souvent parler de personnes qui <i>luttent\u00a0<\/i>contre la maladie ou qui <i>ont gagn\u00e9 la guerre <\/i>contre la maladie. Les patients peuvent gu\u00e9<\/span>rir gr\u00e2ce <i><span lang=\"FR\">aux armes\u00a0<\/span><\/i><span lang=\"FR\">des m\u00e9<\/span>decins.<\/p>\n<\/div>\n<div>\n<p class=\"Didefault\"><strong><span lang=\"FR\">Un lien \u00e9troit <\/span>s\u2019est cr\u00e9\u00e9\u00a0<span lang=\"FR\">entre la r\u00e9<\/span>alit<\/strong><span lang=\"FR\"><strong>\u00e9 de la guerre et la m\u00e9decine conventionnelle<\/strong>. Tout\u00a0<\/span>l\u2019imaginaire\u00a0<span lang=\"FR\">et les mots qui ont trait \u00e0 la guerre ont \u00e9<\/span>t<span lang=\"FR\">\u00e9 <\/span><span lang=\"PT\">\u00ab\u00a0emprunt<\/span><span lang=\"FR\">\u00e9s\u00a0\u00bb et <\/span>assimil\u00e9s\u00a0<span lang=\"FR\">par <\/span>le syst\u00e8me sanitaire et ses praticiens<span lang=\"FR\">. Ce sont les m\u00e9decins eux-m\u00eames qui nous parlent de la maladie avec un regard de guerriers. <\/span><\/p>\n<\/div>\n<div>\n<p class=\"Didefault\">J<span lang=\"FR\">e suis <\/span>personnellement <span lang=\"FR\">convaincu<\/span>e\u00a0<span lang=\"FR\">qu&rsquo;on ne peut pas favoriser une sant\u00e9 <\/span>rayonnante\u00a0<span lang=\"FR\">sur un champ de bataille. La paix est un moyen plus vital et <\/span>efficace\u00a0<span lang=\"FR\">de gu\u00e9rir et <\/span>aller bien.<\/p>\n<\/div>\n<p>&nbsp;<\/p>\n<div>\n<h4 class=\"Didefault\"><strong>L&rsquo;imaginaire\u00a0<span lang=\"FR\">collecti<\/span>f\u00a0<span lang=\"FR\">associe guerre et maladie<\/span><\/strong><\/h4>\n<\/div>\n<div>\n<p class=\"Didefault\">Pensez <span lang=\"FR\">\u00e0 <\/span>la fa<span lang=\"PT\">\u00e7<\/span><span lang=\"FR\">on dont beaucoup d&rsquo;entre nous ont <\/span>l\u2019habitude de\u00a0<span lang=\"FR\">parler de la maladie et de la sant\u00e9. Plus <\/span>sp\u00e9cifiquement<span lang=\"FR\">, il suffit d<\/span>\u2019observer <span lang=\"FR\">ce qui s&rsquo;est pass\u00e9 et se passe encore en ce qui concerne la pand\u00e9<\/span><span lang=\"NL\">mie de Covid-19.<\/span><\/p>\n<\/div>\n<div>\n<p class=\"Didefault\"><span lang=\"FR\">La maladie est l&rsquo;ennemi, qui a ses complices<\/span>, comme\u00a0<span lang=\"FR\">les microbes, la pollution, la mauvaise alimentation, le stress, etc. Les forces arm\u00e9es sont compos\u00e9es d<\/span>e combattants de <span lang=\"FR\">diff\u00e9rents grades comme des m\u00e9decins, des infirmi\u00e8res, des th\u00e9rapeutes, etc. L&rsquo;artillerie pour \u00e9radiquer l&rsquo;ennemi est vari\u00e9<\/span>e. Elle va\u00a0<span lang=\"FR\">des m\u00e9dicaments aux <\/span>radiations\u00a0<span lang=\"FR\">en passant par les <\/span>bistouris.<\/p>\n<\/div>\n<div>\n<blockquote>\n<p class=\"Didefault\"><i><span lang=\"FR\">La guerre est devenue <\/span><\/i><i>partie int\u00e9grante <\/i><i><span lang=\"FR\">de notre imagina<\/span><\/i><i>ire\u00a0<\/i><i><span lang=\"FR\">collecti<\/span><\/i><i>f li<\/i><i><span lang=\"FR\">\u00e9 \u00e0 la sant\u00e9 <\/span><\/i><i><span lang=\"DA\">et <\/span><\/i><i><span lang=\"FR\">\u00e0 la maladie.<\/span><\/i><\/p>\n<\/blockquote>\n<\/div>\n<div>\n<p class=\"Didefault\"><span lang=\"FR\">L&rsquo;industrie de la guerre est compos\u00e9e de <\/span>laboratoires\u00a0<span lang=\"FR\">pharmaceutiques et biom\u00e9<\/span>dicaux<span lang=\"FR\">. Il existe m\u00ea<\/span>me un G<span lang=\"FR\">\u00e9nie militaire, form\u00e9 de chercheurs qui \u00e9<\/span><span lang=\"DE\">tudie<\/span>nt\u00a0<span lang=\"FR\">des solutions pour vaincre l&rsquo;ennemi. <\/span>Dans ce cadre,\u00a0<span lang=\"FR\">les <\/span>\u201cd<span lang=\"FR\">\u00e9serteurs<\/span>\u201d ne manquent pas. Ce sont l<span lang=\"FR\">es m\u00e9decins et les patients qui refusent de suivre les pr\u00e9ceptes <\/span>bellig\u00e9rants <span lang=\"FR\">et \u00ab\u00a0renoncent\u00a0\u00bb \u00e0 faire la guerre.<\/span><\/p>\n<p>&nbsp;<\/p>\n<h4><strong style=\"color: #333333; font-size: 18px;\"><span lang=\"FR\">Etes-vous s\u00fbr que la lutte est la bonne strat\u00e9gie ?<\/span><\/strong><\/h4>\n<\/div>\n<div>\n<p class=\"Didefault\"><span lang=\"FR\"><strong>Les co\u00fbts<\/strong> de cette strat\u00e9gie de guerre <strong>sont\u00a0<\/strong><\/span><strong>\u00e9normes<\/strong><span lang=\"FR\">, en terme de temps, d&rsquo;\u00e9nergie, d&rsquo;argent, de qualit\u00e9 <\/span>de vie. On combat\u00a0<span lang=\"FR\">jour et nuit pour soigner les bless\u00e9s, tuer l&rsquo;ennemi ou emp\u00eacher une nouvelle invasion. Aujourd&rsquo;hui plus que jamais. <strong>Le monde entier est engag\u00e9 dans cette guerre contre l&rsquo;ennemi<\/strong>. Qu<\/span>\u2019on l\u2019appelle\u00a0<span lang=\"FR\"><strong>Covid-19, cancer, diab\u00e8te<\/strong> ou <\/span>de\u00a0<span lang=\"FR\">mille autres noms. Qu&rsquo;il s&rsquo;agisse d&rsquo;un <strong>\u00e9<\/strong><\/span><strong>v<\/strong><span lang=\"FR\"><strong>\u00e9nement aigu<\/strong> ou d&rsquo;une <strong>maladie chronique<\/strong>. Le co\u00fb<\/span>t <span lang=\"FR\">\u00e9motionnel est \u00e9norme. Comme dans toute guerre, les \u00e9motions pr\u00e9dominantes de ceux qui la vivent sont la peur, l&rsquo;anxi\u00e9<\/span>t<span lang=\"FR\">\u00e9, l&rsquo;impuissance et l<\/span>\u2019ins<span lang=\"FR\">\u00e9<\/span>curit<span lang=\"FR\">\u00e9<\/span>.<\/p>\n<\/div>\n<div>\n<blockquote>\n<p class=\"Didefault\"><i><span lang=\"FR\">Les \u00e9motions que nous <\/span><\/i><i>vivons\u00a0<\/i><i><span lang=\"FR\">en temps de guerre sont la peur, l&rsquo;anxi\u00e9<\/span><\/i><i>t<\/i><i><span lang=\"FR\">\u00e9, l&rsquo;impuissance et l<\/span><\/i><i>\u2019ins<\/i><i><span lang=\"FR\">\u00e9<\/span><\/i><i>curit<\/i><i><span lang=\"FR\">\u00e9<\/span><\/i><i>.<\/i><\/p>\n<\/blockquote>\n<\/div>\n<div>\n<p class=\"Didefault\">Le nombre de <span lang=\"FR\">victimes civiles\u00a0<\/span>est \u00e9norme<span lang=\"FR\">. Le nombre de patients morts ou mutil\u00e9s ne cesse de cro<\/span>\u00ee<span lang=\"FR\">tre. Mais il y a aussi de nombreuses victimes parmi les soldats qui combattent sur le front. Le taux d&rsquo;\u00e9puisement professionnel\u00a0<\/span>(<strong>Burn out<\/strong>) <span lang=\"FR\">est en augmentation dans les professions de sant\u00e9<\/span>.<\/p>\n<\/div>\n<div>\n<p class=\"Didefault\">La cons\u00e9quence de tous ces facteurs est un co\u00fbt social croissant. La d<span lang=\"FR\">\u00e9pression et l&rsquo;anxi\u00e9<\/span>t<span lang=\"FR\">\u00e9 sont en hausse, tandis que la force active des individus et le bien-\u00eatre g\u00e9<\/span>n<span lang=\"FR\">\u00e9ral de la soci\u00e9<\/span>t<span lang=\"FR\">\u00e9 diminuent. D&rsquo;un point de vue \u00e9conomique, rien qu&rsquo;en 2016, les d\u00e9penses de sant\u00e9 en Italie ont d\u00e9<\/span>pass<span lang=\"FR\">\u00e9 149 milliards d&rsquo;euros.<\/span><\/p>\n<\/div>\n<div>\n<p class=\"Didefault\"><span lang=\"FR\">Le r\u00e9sultat est que nous vivons dans une guerre sans fin dans laquelle les ennemis (les maladies) semblent se reproduire et dev<\/span>enir\u00a0<span lang=\"FR\">de plus en plus cruels.<\/span><\/p>\n<p>&nbsp;<\/p>\n<h4><strong style=\"color: #333333; font-size: 18px;\"><span lang=\"FR\">Une pens\u00e9<\/span>e bienveillante\u00a0<span lang=\"FR\">pour les victimes et le personnel m\u00e9dical<\/span><\/strong><\/h4>\n<\/div>\n<div>\n<p class=\"Didefault\"><span lang=\"FR\">J&rsquo;ai le plus grand respect pour toutes les victimes qui sont mortes sur le champ de bataille et j<\/span>e suis d\u00e9sol\u00e9e <span lang=\"FR\">pour leurs proches. Je ne doute pas que les professionnels de sant\u00e9 se soient battus et se battent encore dans le seul but de faire le bien.<\/span><\/p>\n<\/div>\n<div>\n<blockquote>\n<p class=\"Didefault\"><i><span lang=\"FR\">Mes remerciements les plus sinc\u00e8res vont aux m\u00e9decins, aux infirmi\u00e8res et aux chercheurs qui travaillent avec c\u0153ur et s\u00e9rieux.<\/span><\/i><\/p>\n<\/blockquote>\n<\/div>\n<div>\n<p class=\"Didefault\"><span lang=\"FR\">Les m\u00e9decins, les infirmi\u00e8res, les chercheurs et tous ceux qui travaillent dans le domaine de la sant\u00e9 avec c\u0153ur et s\u00e9rieux font honneur \u00e0 l&rsquo;humanit\u00e9<\/span>.\u00a0<span lang=\"FR\">Je les remercie donc pour leur engagement et pour s&rsquo;\u00eatre mis au service de la lutte contre la souffrance de ceux qui <\/span>vont mal<span lang=\"FR\">. Je sais qu&rsquo;ils croient fermement \u00e0 leur propre vision de la sant\u00e9 et de la maladie et aux protocoles qu&rsquo;ils utilisent quotidiennement pour combattre l&rsquo;ennemi commun. <\/span><br \/>\n<span lang=\"FR\">Et pourtant<\/span>\u2026<\/p>\n<p>&nbsp;<\/p>\n<h4 class=\"Didefault\"><strong style=\"color: #333333; font-size: 18px;\">Mieux vaut \u00eatre \u00ab\u00a0d\u00e9serteur\u00a0\u00bb en cas de guerre insens\u00e9e.<\/strong><\/h4>\n<\/div>\n<div>\n<p class=\"Didefault\"><span lang=\"FR\">Je consid\u00e8re toute l&rsquo;exp\u00e9rience accumul\u00e9e au cours des si\u00e8cles par la m\u00e9<\/span>decine, y compris\u00a0<span lang=\"FR\">ses succ\u00e8s et ses erreurs, comme une source de richesse inestimable. Cependant, je crois que le temps est venu de <strong>faire face \u00e0 l&rsquo;ampleur des d\u00e9<\/strong><\/span><strong>g\u00e2<\/strong><span lang=\"FR\"><strong>ts cr\u00e9\u00e9s par ce\u00a0<\/strong><\/span><span lang=\"FR\"><strong>paradigme de guerre<\/strong>, qui monopolise notre vision de la sant<\/span><span lang=\"FR\">\u00e9 et de la maladie.<\/span><\/p>\n<\/div>\n<div>\n<p class=\"Didefault\"><span lang=\"FR\">Je ne veux pas \u00eatre un soldat envoy\u00e9 <\/span>au front\u00a0<span lang=\"FR\">pour <\/span>combattre contre\u00a0<span lang=\"FR\">un faux ennemi avec des armes inefficaces, pour une guerre sans fin.<\/span><\/p>\n<\/div>\n<div>\n<p class=\"Didefault\"><span lang=\"FR\">Je ne veux plus perdre autant de temps et d&rsquo;\u00e9<\/span><span lang=\"DE\">nergie <\/span><span lang=\"FR\">\u00e0 <\/span>prot<span lang=\"FR\">\u00e9<\/span><span lang=\"DA\">ger, d<\/span><span lang=\"FR\">\u00e9fendre\u00a0<\/span>et\u00a0<span lang=\"FR\">survivre. Et je ne <\/span>souhaite\u00a0<span lang=\"FR\">pas que vous le fassiez non plus. Notre objectif doit \u00eatre de faire la paix avec le corps dans toutes ses manifestations.<\/span><\/p>\n<\/div>\n<div>\n<blockquote>\n<p class=\"Didefault\"><i><span lang=\"FR\">Je ne veux pas \u00eatre un soldat envoy\u00e9 <\/span><\/i><i>au front\u00a0<\/i><i><span lang=\"FR\">pour combattre dans une guerre sans fin.<\/span><\/i><\/p>\n<\/blockquote>\n<\/div>\n<div>\n<h4><\/h4>\n<h4 class=\"Didefault\"><strong>Changeons\u00a0<span lang=\"FR\">de vocabulaire et de strat\u00e9<\/span><span lang=\"DE\">gie<\/span><\/strong><\/h4>\n<\/div>\n<div>\n<p class=\"Didefault\"><span lang=\"FR\">Forte de l&rsquo;exp\u00e9rience acquise au fil des si\u00e8cles par ceux qui nous ont pr\u00e9<\/span>c<span lang=\"FR\">\u00e9<\/span>d<span lang=\"FR\">\u00e9s, je propose que nous exp\u00e9rimentions <strong>un autre paradigme fond\u00e9 sur la paix<\/strong>. La voie de la paix n&rsquo;est pas une voie sans douleur, ni une voie pour vivre \u00e9ternellement. Mais d&rsquo;apr\u00e8s mon exp\u00e9rience, elle est<strong> b\u00e9n\u00e9fique et source de nettement plus de vie<\/strong> et elle entra\u00eene beaucoup moins de souffrance.<\/span><\/p>\n<\/div>\n<div>\n<p class=\"Didefault\"><span lang=\"FR\">Vous pouvez <strong>construire <\/strong><\/span><strong>votre chemin,\u00a0<span lang=\"FR\">\u00e9tape par \u00e9<\/span>tape,\u00a0<span lang=\"FR\">en commen<\/span><span lang=\"PT\">\u00e7<\/span><\/strong><span lang=\"FR\"><strong>ant par vous-m\u00eame<\/strong>. Commencez par changer votre vocabulaire et <\/span>vos pens\u00e9es.\u00a0<span lang=\"FR\">Par exemple, cessez de consid\u00e9rer la maladie comme un ennemi \u00e0 combattre. <\/span>Et si chaque sympt\u00f4me pouvait \u00eatre accueilli comme un <a href=\"https:\/\/youtu.be\/yUM6YRgc1vM\" target=\"_blank\" rel=\"noopener\">message<\/a>?\u00a0<strong><span lang=\"FR\">Lorsque vous n&rsquo;<\/span>allez\u00a0<span lang=\"FR\">pas bien, votre corps vous <\/span>communique\u00a0<span lang=\"FR\">quelque chose.<\/span><\/strong><\/p>\n<\/div>\n<div>\n<blockquote>\n<p class=\"Didefault\"><i><span lang=\"FR\">Le chemin de la paix n&rsquo;est pas un chemin sans douleur, mais il entra\u00eene beaucoup moins de souffrance.<\/span><\/i><i><\/i><\/p>\n<\/blockquote>\n<\/div>\n<div>\n<p>&nbsp;<\/p>\n<h4 class=\"Didefault\"><strong style=\"color: #333333; font-size: 18px;\"><span lang=\"FR\">Connaissez-<\/span>vous vous-m\u00eame \u00a0<\/strong><\/h4>\n<\/div>\n<div>\n<p class=\"Didefault\"><span lang=\"FR\">Si vous vous connaissez et <\/span>commencez\u00a0<span lang=\"FR\">\u00e0 comprendre votre corps, vous poserez des bases solides pour, chaque jour davantage<\/span>, <span lang=\"FR\">vous rapprocher <\/span>de <span lang=\"FR\">la sant\u00e9 et vous \u00e9loigner de la maladie. Familiarisez-vous avec vos \u00e9motions, apprenez \u00e0 les exprimer, travaillez sur les relations interpersonnelles et donnez <\/span>une\u00a0<span lang=\"FR\">bonne priorit\u00e9 <\/span>\u00e0 vos\u00a0<span lang=\"FR\">besoins fondamentaux tels que le sommeil, la respiration, <\/span>le mouvement et la d<span lang=\"FR\">\u00e9<\/span>tente.<\/p>\n<\/div>\n<div>\n<p class=\"Didefault\"><span lang=\"FR\">Le chemin de la paix m\u00e8<\/span>ne <span lang=\"FR\">\u00e0 <strong>une vision int\u00e9<\/strong><\/span><strong>gr<\/strong><span lang=\"FR\"><strong>\u00e9e de l\u2019interpr\u00e9tation de la maladie<\/strong>, qui va bien au-del\u00e0 de la recherche de sa cause. <\/span>Son <span lang=\"FR\">\u00e9limination devient secondaire, on se concentre sur la compr\u00e9hension et la sant\u00e9, et <strong>la gu\u00e9rison vient d&rsquo;elle-m\u00ea<\/strong><\/span><strong>me<\/strong>.<\/p>\n<p>&nbsp;<\/p>\n<p class=\"Didefault\"><span lang=\"FR\">Vous pouvez saisir le sens profond de tout message venant de votre corps en commen<\/span><span lang=\"PT\">\u00e7<\/span><span lang=\"FR\">ant par vous <\/span>poser une question:\u00a0<span lang=\"FR\">pourquoi <\/span>suis-je tomb\u00e9 malade? <span lang=\"FR\">Peut-\u00eatre y a-t-il <\/span>une situation<span lang=\"FR\">, un traumatisme non r\u00e9solu qui vous <\/span>met dans cet \u00e9tat? C\u2019est le cas par exemple <span lang=\"FR\">du <\/span><a href=\"https:\/\/sophieott.it\/fr\/prodotto\/cours-audio-surpoids-que-me-racontes-tu\/\" target=\"_blank\" rel=\"noopener\">surpoids<\/a>.<\/p>\n<\/div>\n<div>\n<p class=\"Didefault\"><span lang=\"FR\">De nombreuses pathologies peuvent \u00eatre <\/span>\u00e9vit\u00e9es\u00a0<span lang=\"FR\">simplement en respirant et en dormant bien. <\/span>Que se passerait-il si vous faisiez la paix <span lang=\"FR\">avec\u00a0<\/span>certaines personnes<span lang=\"FR\">, avec le pass\u00e9 et avec <\/span>votre v\u00e9cu? <span lang=\"FR\">Le chemin de la paix m\u00e8<\/span>ne <span lang=\"FR\">\u00e0 <\/span>la r<span lang=\"FR\">\u00e9conciliation avec soi-m\u00eame et avec la Vie elle-m\u00ea<\/span>me.<br \/>\n<span lang=\"FR\">La paix lib\u00e8re du temps et de l&rsquo;\u00e9nergie pour devenir <\/span>rayonnant<span lang=\"FR\">, c&rsquo;est-\u00e0-dire joyeux, confiant et vraiment en pleine sant\u00e9.<\/span><\/p>\n<\/div>\n","protected":false},"excerpt":{"rendered":"<p>La sant\u00e9 et la maladie s&rsquo;excluent-elles mutuellement? En fait, pas n\u00e9cessairement. L&rsquo;Organisation Mondiale de la Sant\u00e9 d\u00e9finit elle-m\u00eame la sant\u00e9 des \u00eatres humains comme un \u00e9tat de complet bien-\u00eatre physique, mental et social. La sant\u00e9 n&rsquo;est donc pas simplement l&rsquo;absence de maladie ou autres infirmit\u00e9s. La sant\u00e9 est un \u00e9tat complet de bien-\u00eatre physique, mental [&hellip;]<\/p>\n","protected":false},"author":5,"featured_media":8106,"comment_status":"open","ping_status":"open","sticky":false,"template":"","format":"standard","meta":{"_et_pb_use_builder":"","_et_pb_old_content":"","_et_gb_content_width":"","footnotes":""},"categories":[88],"tags":[],"class_list":["post-8099","post","type-post","status-publish","format-standard","has-post-thumbnail","hentry","category-changement-de-culture"],"yoast_head":"<!-- This site is optimized with the Yoast SEO plugin v27.5 - https:\/\/yoast.com\/product\/yoast-seo-wordpress\/ -->\n<title>Sant\u00e9 et maladie. Cessez de combattre votre corps. - Sophie Ott<\/title>\n<meta name=\"description\" content=\"Sant\u00e9 et maladie sont interpr\u00e9t\u00e9es \u00e0 travers les yeux de ceux qui doivent combattre une guerre pour gu\u00e9rir. Mais il y existe une autre voie.\" \/>\n<meta name=\"robots\" content=\"index, follow, max-snippet:-1, max-image-preview:large, max-video-preview:-1\" \/>\n<link rel=\"canonical\" href=\"https:\/\/sophieott.it\/fr\/sante-et-maladie-cessez-de-combatte-votre-corps\/\" \/>\n<meta property=\"og:locale\" content=\"fr_FR\" \/>\n<meta property=\"og:type\" content=\"article\" \/>\n<meta property=\"og:title\" content=\"Sant\u00e9 et maladie. Cessez de combattre votre corps. - Sophie Ott\" \/>\n<meta property=\"og:description\" content=\"Sant\u00e9 et maladie sont interpr\u00e9t\u00e9es \u00e0 travers les yeux de ceux qui doivent combattre une guerre pour gu\u00e9rir. Mais il y existe une autre voie.\" \/>\n<meta property=\"og:url\" content=\"https:\/\/sophieott.it\/fr\/sante-et-maladie-cessez-de-combatte-votre-corps\/\" \/>\n<meta property=\"og:site_name\" content=\"Sophie Ott\" \/>\n<meta property=\"article:published_time\" content=\"2021-03-02T11:51:14+00:00\" \/>\n<meta property=\"article:modified_time\" content=\"2021-03-02T12:01:48+00:00\" \/>\n<meta property=\"og:image\" content=\"https:\/\/sophieott.it\/wp-content\/uploads\/2021\/03\/Sante-et-maladie.-Invitation-a-faire-la-paix-avec-le-corps.-Sophie-Ott.jpg\" \/>\n\t<meta property=\"og:image:width\" content=\"1024\" \/>\n\t<meta property=\"og:image:height\" content=\"683\" \/>\n\t<meta property=\"og:image:type\" content=\"image\/jpeg\" \/>\n<meta name=\"author\" content=\"Sophie\" \/>\n<meta name=\"twitter:card\" content=\"summary_large_image\" \/>\n<meta name=\"twitter:label1\" content=\"\u00c9crit par\" \/>\n\t<meta name=\"twitter:data1\" content=\"Sophie\" \/>\n\t<meta name=\"twitter:label2\" content=\"Dur\u00e9e de lecture estim\u00e9e\" \/>\n\t<meta name=\"twitter:data2\" content=\"8 minutes\" \/>\n<script type=\"application\/ld+json\" class=\"yoast-schema-graph\">{\"@context\":\"https:\\\/\\\/schema.org\",\"@graph\":[{\"@type\":\"Article\",\"@id\":\"https:\\\/\\\/sophieott.it\\\/fr\\\/sante-et-maladie-cessez-de-combatte-votre-corps\\\/#article\",\"isPartOf\":{\"@id\":\"https:\\\/\\\/sophieott.it\\\/fr\\\/sante-et-maladie-cessez-de-combatte-votre-corps\\\/\"},\"author\":{\"name\":\"Sophie\",\"@id\":\"https:\\\/\\\/sophieott.it\\\/#\\\/schema\\\/person\\\/5a99d5f1d5c80f06ac746af8579672e2\"},\"headline\":\"Sant\u00e9 et maladie. Cessez de combattre votre corps.\",\"datePublished\":\"2021-03-02T11:51:14+00:00\",\"dateModified\":\"2021-03-02T12:01:48+00:00\",\"mainEntityOfPage\":{\"@id\":\"https:\\\/\\\/sophieott.it\\\/fr\\\/sante-et-maladie-cessez-de-combatte-votre-corps\\\/\"},\"wordCount\":1617,\"commentCount\":0,\"publisher\":{\"@id\":\"https:\\\/\\\/sophieott.it\\\/#\\\/schema\\\/person\\\/5a99d5f1d5c80f06ac746af8579672e2\"},\"image\":{\"@id\":\"https:\\\/\\\/sophieott.it\\\/fr\\\/sante-et-maladie-cessez-de-combatte-votre-corps\\\/#primaryimage\"},\"thumbnailUrl\":\"https:\\\/\\\/sophieott.it\\\/wp-content\\\/uploads\\\/2021\\\/03\\\/Sante-et-maladie.-Invitation-a-faire-la-paix-avec-le-corps.-Sophie-Ott.jpg\",\"articleSection\":[\"Changement de culture\"],\"inLanguage\":\"fr-FR\",\"potentialAction\":[{\"@type\":\"CommentAction\",\"name\":\"Comment\",\"target\":[\"https:\\\/\\\/sophieott.it\\\/fr\\\/sante-et-maladie-cessez-de-combatte-votre-corps\\\/#respond\"]}]},{\"@type\":\"WebPage\",\"@id\":\"https:\\\/\\\/sophieott.it\\\/fr\\\/sante-et-maladie-cessez-de-combatte-votre-corps\\\/\",\"url\":\"https:\\\/\\\/sophieott.it\\\/fr\\\/sante-et-maladie-cessez-de-combatte-votre-corps\\\/\",\"name\":\"Sant\u00e9 et maladie. Cessez de combattre votre corps. - Sophie Ott\",\"isPartOf\":{\"@id\":\"https:\\\/\\\/sophieott.it\\\/#website\"},\"primaryImageOfPage\":{\"@id\":\"https:\\\/\\\/sophieott.it\\\/fr\\\/sante-et-maladie-cessez-de-combatte-votre-corps\\\/#primaryimage\"},\"image\":{\"@id\":\"https:\\\/\\\/sophieott.it\\\/fr\\\/sante-et-maladie-cessez-de-combatte-votre-corps\\\/#primaryimage\"},\"thumbnailUrl\":\"https:\\\/\\\/sophieott.it\\\/wp-content\\\/uploads\\\/2021\\\/03\\\/Sante-et-maladie.-Invitation-a-faire-la-paix-avec-le-corps.-Sophie-Ott.jpg\",\"datePublished\":\"2021-03-02T11:51:14+00:00\",\"dateModified\":\"2021-03-02T12:01:48+00:00\",\"description\":\"Sant\u00e9 et maladie sont interpr\u00e9t\u00e9es \u00e0 travers les yeux de ceux qui doivent combattre une guerre pour gu\u00e9rir. Mais il y existe une autre voie.\",\"breadcrumb\":{\"@id\":\"https:\\\/\\\/sophieott.it\\\/fr\\\/sante-et-maladie-cessez-de-combatte-votre-corps\\\/#breadcrumb\"},\"inLanguage\":\"fr-FR\",\"potentialAction\":[{\"@type\":\"ReadAction\",\"target\":[\"https:\\\/\\\/sophieott.it\\\/fr\\\/sante-et-maladie-cessez-de-combatte-votre-corps\\\/\"]}]},{\"@type\":\"ImageObject\",\"inLanguage\":\"fr-FR\",\"@id\":\"https:\\\/\\\/sophieott.it\\\/fr\\\/sante-et-maladie-cessez-de-combatte-votre-corps\\\/#primaryimage\",\"url\":\"https:\\\/\\\/sophieott.it\\\/wp-content\\\/uploads\\\/2021\\\/03\\\/Sante-et-maladie.-Invitation-a-faire-la-paix-avec-le-corps.-Sophie-Ott.jpg\",\"contentUrl\":\"https:\\\/\\\/sophieott.it\\\/wp-content\\\/uploads\\\/2021\\\/03\\\/Sante-et-maladie.-Invitation-a-faire-la-paix-avec-le-corps.-Sophie-Ott.jpg\",\"width\":1024,\"height\":683,\"caption\":\"Sant\u00e9 et maladie. Invitation \u00e0 faire la paix avec le corps. Sophie Ott\"},{\"@type\":\"BreadcrumbList\",\"@id\":\"https:\\\/\\\/sophieott.it\\\/fr\\\/sante-et-maladie-cessez-de-combatte-votre-corps\\\/#breadcrumb\",\"itemListElement\":[{\"@type\":\"ListItem\",\"position\":1,\"name\":\"Home\",\"item\":\"https:\\\/\\\/sophieott.it\\\/fr\\\/\"},{\"@type\":\"ListItem\",\"position\":2,\"name\":\"Sant\u00e9 et maladie. Cessez de combattre votre corps.\"}]},{\"@type\":\"WebSite\",\"@id\":\"https:\\\/\\\/sophieott.it\\\/#website\",\"url\":\"https:\\\/\\\/sophieott.it\\\/\",\"name\":\"Sophie Ott\",\"description\":\"Bioconsapevolezza\",\"publisher\":{\"@id\":\"https:\\\/\\\/sophieott.it\\\/#\\\/schema\\\/person\\\/5a99d5f1d5c80f06ac746af8579672e2\"},\"potentialAction\":[{\"@type\":\"SearchAction\",\"target\":{\"@type\":\"EntryPoint\",\"urlTemplate\":\"https:\\\/\\\/sophieott.it\\\/?s={search_term_string}\"},\"query-input\":{\"@type\":\"PropertyValueSpecification\",\"valueRequired\":true,\"valueName\":\"search_term_string\"}}],\"inLanguage\":\"fr-FR\"},{\"@type\":[\"Person\",\"Organization\"],\"@id\":\"https:\\\/\\\/sophieott.it\\\/#\\\/schema\\\/person\\\/5a99d5f1d5c80f06ac746af8579672e2\",\"name\":\"Sophie\",\"image\":{\"@type\":\"ImageObject\",\"inLanguage\":\"fr-FR\",\"@id\":\"https:\\\/\\\/secure.gravatar.com\\\/avatar\\\/c590a6c1ce16f9da3a7af0bb4f50335d39831e731c5a8afa5006cb8e60dd17a7?s=96&d=mm&r=g\",\"url\":\"https:\\\/\\\/secure.gravatar.com\\\/avatar\\\/c590a6c1ce16f9da3a7af0bb4f50335d39831e731c5a8afa5006cb8e60dd17a7?s=96&d=mm&r=g\",\"contentUrl\":\"https:\\\/\\\/secure.gravatar.com\\\/avatar\\\/c590a6c1ce16f9da3a7af0bb4f50335d39831e731c5a8afa5006cb8e60dd17a7?s=96&d=mm&r=g\",\"caption\":\"Sophie\"},\"logo\":{\"@id\":\"https:\\\/\\\/secure.gravatar.com\\\/avatar\\\/c590a6c1ce16f9da3a7af0bb4f50335d39831e731c5a8afa5006cb8e60dd17a7?s=96&d=mm&r=g\"}}]}<\/script>\n<!-- \/ Yoast SEO plugin. -->","yoast_head_json":{"title":"Sant\u00e9 et maladie. Cessez de combattre votre corps. - Sophie Ott","description":"Sant\u00e9 et maladie sont interpr\u00e9t\u00e9es \u00e0 travers les yeux de ceux qui doivent combattre une guerre pour gu\u00e9rir. Mais il y existe une autre voie.","robots":{"index":"index","follow":"follow","max-snippet":"max-snippet:-1","max-image-preview":"max-image-preview:large","max-video-preview":"max-video-preview:-1"},"canonical":"https:\/\/sophieott.it\/fr\/sante-et-maladie-cessez-de-combatte-votre-corps\/","og_locale":"fr_FR","og_type":"article","og_title":"Sant\u00e9 et maladie. Cessez de combattre votre corps. - Sophie Ott","og_description":"Sant\u00e9 et maladie sont interpr\u00e9t\u00e9es \u00e0 travers les yeux de ceux qui doivent combattre une guerre pour gu\u00e9rir. Mais il y existe une autre voie.","og_url":"https:\/\/sophieott.it\/fr\/sante-et-maladie-cessez-de-combatte-votre-corps\/","og_site_name":"Sophie Ott","article_published_time":"2021-03-02T11:51:14+00:00","article_modified_time":"2021-03-02T12:01:48+00:00","og_image":[{"width":1024,"height":683,"url":"https:\/\/sophieott.it\/wp-content\/uploads\/2021\/03\/Sante-et-maladie.-Invitation-a-faire-la-paix-avec-le-corps.-Sophie-Ott.jpg","type":"image\/jpeg"}],"author":"Sophie","twitter_card":"summary_large_image","twitter_misc":{"\u00c9crit par":"Sophie","Dur\u00e9e de lecture estim\u00e9e":"8 minutes"},"schema":{"@context":"https:\/\/schema.org","@graph":[{"@type":"Article","@id":"https:\/\/sophieott.it\/fr\/sante-et-maladie-cessez-de-combatte-votre-corps\/#article","isPartOf":{"@id":"https:\/\/sophieott.it\/fr\/sante-et-maladie-cessez-de-combatte-votre-corps\/"},"author":{"name":"Sophie","@id":"https:\/\/sophieott.it\/#\/schema\/person\/5a99d5f1d5c80f06ac746af8579672e2"},"headline":"Sant\u00e9 et maladie. Cessez de combattre votre corps.","datePublished":"2021-03-02T11:51:14+00:00","dateModified":"2021-03-02T12:01:48+00:00","mainEntityOfPage":{"@id":"https:\/\/sophieott.it\/fr\/sante-et-maladie-cessez-de-combatte-votre-corps\/"},"wordCount":1617,"commentCount":0,"publisher":{"@id":"https:\/\/sophieott.it\/#\/schema\/person\/5a99d5f1d5c80f06ac746af8579672e2"},"image":{"@id":"https:\/\/sophieott.it\/fr\/sante-et-maladie-cessez-de-combatte-votre-corps\/#primaryimage"},"thumbnailUrl":"https:\/\/sophieott.it\/wp-content\/uploads\/2021\/03\/Sante-et-maladie.-Invitation-a-faire-la-paix-avec-le-corps.-Sophie-Ott.jpg","articleSection":["Changement de culture"],"inLanguage":"fr-FR","potentialAction":[{"@type":"CommentAction","name":"Comment","target":["https:\/\/sophieott.it\/fr\/sante-et-maladie-cessez-de-combatte-votre-corps\/#respond"]}]},{"@type":"WebPage","@id":"https:\/\/sophieott.it\/fr\/sante-et-maladie-cessez-de-combatte-votre-corps\/","url":"https:\/\/sophieott.it\/fr\/sante-et-maladie-cessez-de-combatte-votre-corps\/","name":"Sant\u00e9 et maladie. Cessez de combattre votre corps. - Sophie Ott","isPartOf":{"@id":"https:\/\/sophieott.it\/#website"},"primaryImageOfPage":{"@id":"https:\/\/sophieott.it\/fr\/sante-et-maladie-cessez-de-combatte-votre-corps\/#primaryimage"},"image":{"@id":"https:\/\/sophieott.it\/fr\/sante-et-maladie-cessez-de-combatte-votre-corps\/#primaryimage"},"thumbnailUrl":"https:\/\/sophieott.it\/wp-content\/uploads\/2021\/03\/Sante-et-maladie.-Invitation-a-faire-la-paix-avec-le-corps.-Sophie-Ott.jpg","datePublished":"2021-03-02T11:51:14+00:00","dateModified":"2021-03-02T12:01:48+00:00","description":"Sant\u00e9 et maladie sont interpr\u00e9t\u00e9es \u00e0 travers les yeux de ceux qui doivent combattre une guerre pour gu\u00e9rir. Mais il y existe une autre voie.","breadcrumb":{"@id":"https:\/\/sophieott.it\/fr\/sante-et-maladie-cessez-de-combatte-votre-corps\/#breadcrumb"},"inLanguage":"fr-FR","potentialAction":[{"@type":"ReadAction","target":["https:\/\/sophieott.it\/fr\/sante-et-maladie-cessez-de-combatte-votre-corps\/"]}]},{"@type":"ImageObject","inLanguage":"fr-FR","@id":"https:\/\/sophieott.it\/fr\/sante-et-maladie-cessez-de-combatte-votre-corps\/#primaryimage","url":"https:\/\/sophieott.it\/wp-content\/uploads\/2021\/03\/Sante-et-maladie.-Invitation-a-faire-la-paix-avec-le-corps.-Sophie-Ott.jpg","contentUrl":"https:\/\/sophieott.it\/wp-content\/uploads\/2021\/03\/Sante-et-maladie.-Invitation-a-faire-la-paix-avec-le-corps.-Sophie-Ott.jpg","width":1024,"height":683,"caption":"Sant\u00e9 et maladie. Invitation \u00e0 faire la paix avec le corps. Sophie Ott"},{"@type":"BreadcrumbList","@id":"https:\/\/sophieott.it\/fr\/sante-et-maladie-cessez-de-combatte-votre-corps\/#breadcrumb","itemListElement":[{"@type":"ListItem","position":1,"name":"Home","item":"https:\/\/sophieott.it\/fr\/"},{"@type":"ListItem","position":2,"name":"Sant\u00e9 et maladie. Cessez de combattre votre corps."}]},{"@type":"WebSite","@id":"https:\/\/sophieott.it\/#website","url":"https:\/\/sophieott.it\/","name":"Sophie Ott","description":"Bioconsapevolezza","publisher":{"@id":"https:\/\/sophieott.it\/#\/schema\/person\/5a99d5f1d5c80f06ac746af8579672e2"},"potentialAction":[{"@type":"SearchAction","target":{"@type":"EntryPoint","urlTemplate":"https:\/\/sophieott.it\/?s={search_term_string}"},"query-input":{"@type":"PropertyValueSpecification","valueRequired":true,"valueName":"search_term_string"}}],"inLanguage":"fr-FR"},{"@type":["Person","Organization"],"@id":"https:\/\/sophieott.it\/#\/schema\/person\/5a99d5f1d5c80f06ac746af8579672e2","name":"Sophie","image":{"@type":"ImageObject","inLanguage":"fr-FR","@id":"https:\/\/secure.gravatar.com\/avatar\/c590a6c1ce16f9da3a7af0bb4f50335d39831e731c5a8afa5006cb8e60dd17a7?s=96&d=mm&r=g","url":"https:\/\/secure.gravatar.com\/avatar\/c590a6c1ce16f9da3a7af0bb4f50335d39831e731c5a8afa5006cb8e60dd17a7?s=96&d=mm&r=g","contentUrl":"https:\/\/secure.gravatar.com\/avatar\/c590a6c1ce16f9da3a7af0bb4f50335d39831e731c5a8afa5006cb8e60dd17a7?s=96&d=mm&r=g","caption":"Sophie"},"logo":{"@id":"https:\/\/secure.gravatar.com\/avatar\/c590a6c1ce16f9da3a7af0bb4f50335d39831e731c5a8afa5006cb8e60dd17a7?s=96&d=mm&r=g"}}]}},"_links":{"self":[{"href":"https:\/\/sophieott.it\/fr\/wp-json\/wp\/v2\/posts\/8099","targetHints":{"allow":["GET"]}}],"collection":[{"href":"https:\/\/sophieott.it\/fr\/wp-json\/wp\/v2\/posts"}],"about":[{"href":"https:\/\/sophieott.it\/fr\/wp-json\/wp\/v2\/types\/post"}],"author":[{"embeddable":true,"href":"https:\/\/sophieott.it\/fr\/wp-json\/wp\/v2\/users\/5"}],"replies":[{"embeddable":true,"href":"https:\/\/sophieott.it\/fr\/wp-json\/wp\/v2\/comments?post=8099"}],"version-history":[{"count":5,"href":"https:\/\/sophieott.it\/fr\/wp-json\/wp\/v2\/posts\/8099\/revisions"}],"predecessor-version":[{"id":8110,"href":"https:\/\/sophieott.it\/fr\/wp-json\/wp\/v2\/posts\/8099\/revisions\/8110"}],"wp:featuredmedia":[{"embeddable":true,"href":"https:\/\/sophieott.it\/fr\/wp-json\/wp\/v2\/media\/8106"}],"wp:attachment":[{"href":"https:\/\/sophieott.it\/fr\/wp-json\/wp\/v2\/media?parent=8099"}],"wp:term":[{"taxonomy":"category","embeddable":true,"href":"https:\/\/sophieott.it\/fr\/wp-json\/wp\/v2\/categories?post=8099"},{"taxonomy":"post_tag","embeddable":true,"href":"https:\/\/sophieott.it\/fr\/wp-json\/wp\/v2\/tags?post=8099"}],"curies":[{"name":"wp","href":"https:\/\/api.w.org\/{rel}","templated":true}]}}