{"id":12814,"date":"2026-03-03T20:14:06","date_gmt":"2026-03-03T19:14:06","guid":{"rendered":"https:\/\/sophieott.it\/?p=12814"},"modified":"2026-03-03T20:14:06","modified_gmt":"2026-03-03T19:14:06","slug":"eco-anxiete-de-la-peur-climatique-a-la-conscience-active","status":"publish","type":"post","link":"https:\/\/sophieott.it\/fr\/eco-anxiete-de-la-peur-climatique-a-la-conscience-active\/","title":{"rendered":"\u00c9co-anxi\u00e9t\u00e9, de la peur climatique \u00e0 la conscience active"},"content":{"rendered":"<p>Vous est-il d\u00e9j\u00e0 arriv\u00e9 de ressentir une oppression dans la poitrine en lisant des nouvelles sur le climat ? Ou un sentiment d&rsquo;inqui\u00e9tude en pensant \u00e0 l&rsquo;avenir de la plan\u00e8te? L&rsquo;\u00e9co-anxi\u00e9t\u00e9 na\u00eet souvent ainsi : comme un malaise subtil qui \u00e9merge lorsque la conscience environnementale rencontre notre vuln\u00e9rabilit\u00e9.<\/p>\n<p><em>SI VOUS PREFEREZ, ECOUTEZ, LA VERSION AUDIO DE L&rsquo;ARTICLE <\/em><\/p>\n<p><em><iframe loading=\"lazy\" src=\"https:\/\/widget.spreaker.com\/player?episode_id=70422413&amp;theme=light&amp;playlist=false&amp;playlist-continuous=false&amp;chapters-image=true&amp;episode_image_position=right&amp;hide-likes=false&amp;hide-comments=false&amp;hide-sharing=false&amp;hide-logo=false&amp;hide-download=true\" width=\"100%\" height=\"200px\" frameborder=\"0\"><\/iframe><br \/>\n<\/em><\/p>\n<p>&nbsp;<\/p>\n<p>\u00catre inform\u00e9 sur le changement climatique et les crises \u00e9cologiques peut nous pousser \u00e0 modifier nos habitudes, \u00e0 faire des choix plus mesur\u00e9s, \u00e0 nous orienter vers une sobri\u00e9t\u00e9 heureuse. Cependant, cette lucidit\u00e9 et cette compr\u00e9hension de l&rsquo;\u00e9tat de la plan\u00e8te peuvent \u00e9galement g\u00e9n\u00e9rer une agitation constante. <strong>L&rsquo;\u00e9co-anxi\u00e9t\u00e9 n&rsquo;est pas seulement une pr\u00e9occupation<\/strong> : c&rsquo;est un malaise complexe fait de culpabilit\u00e9, de col\u00e8re, de tristesse et d&rsquo;impuissance. Elle se manifeste parfois physiquement par des \u00e9tats d&rsquo;insomnie, de tension, mais aussi, sur le plan comportemental, par le besoin d&rsquo;agir de mani\u00e8re compulsive ou par des conflits permanents avec ceux qui semblent ne pas se soucier suffisamment.<\/p>\n<p>Si nous nous immergeons dans un flux continu d&rsquo;informations sur les urgences climatiques et la d\u00e9gradation de l&rsquo;environnement, la peur du climat peut s&rsquo;amplifier.<br \/>\n<strong>Le r\u00e9chauffement climatique, la pollution, la perte de biodiversit\u00e9<\/strong> sont souvent pr\u00e9sent\u00e9s comme un processus en \u00e9volution tr\u00e8s rapide et presque irr\u00e9versible. La pr\u00e9dominance des messages alarmistes, accompagn\u00e9e de rares exemples concrets de solutions applicables et d&rsquo;une perception d&rsquo;inertie politique, peut alimenter le sentiment que l&rsquo;\u00e9co-anxi\u00e9t\u00e9 est une r\u00e9ponse in\u00e9vitable \u00e0 un avenir d\u00e9j\u00e0 compromis.<\/p>\n<p>Sommes-nous vraiment impuissants ? L&rsquo;avenir est-il d\u00e9j\u00e0 \u00e9crit ?<\/p>\n<blockquote><p><em>L&rsquo;\u00e9co-anxi\u00e9t\u00e9 est un mal-\u00eatre complexe compos\u00e9 de culpabilit\u00e9, de col\u00e8re, de tristesse et d&rsquo;impuissance.<\/em><\/p><\/blockquote>\n<p>&nbsp;<\/p>\n<h4><strong>Au-del\u00e0 de l&rsquo;\u00e9co-anxi\u00e9t\u00e9 : du pessimisme au possibilisme<\/strong><\/h4>\n<p>Ma proposition, lorsqu&rsquo;il s&rsquo;agit de questions environnementales, <strong>n&rsquo;a rien \u00e0 voir avec l&rsquo;optimisme ou le pessimisme.<\/strong> Je propose plut\u00f4t la voie du possibilisme. Nous ne savons rien de l&rsquo;avenir. Il est encore en construction. La question sur laquelle je propose de se concentrer est la suivante : que pouvons-nous faire pour cr\u00e9er un avenir radieux, s\u00fbr, prosp\u00e8re, pacifique, o\u00f9 nous pourrons vivre dans un environnement sain, en harmonie avec la nature et tout le Vivant?<\/p>\n<p>L&rsquo;\u00e9co-anxi\u00e9t\u00e9 a tendance \u00e0 nous faire osciller entre l&rsquo;alarme et la r\u00e9signation. Le possibilisme, en revanche, nous invite \u00e0 rester pr\u00e9sents dans la complexit\u00e9, sans nier les difficult\u00e9s et sans nous laisser submerger par elles. L&rsquo;avenir n&rsquo;existe pas encore et nous avons le pouvoir de faire \u00e9voluer les choses dans la direction que nous pr\u00e9f\u00e9rons.<\/p>\n<blockquote><p><em>L&rsquo;\u00e9co-anxi\u00e9t\u00e9 tend \u00e0 nous faire osciller entre l&rsquo;alarme et la r\u00e9signation. Le possibilisme, en revanche, nous invite \u00e0 rester pr\u00e9sents dans la complexit\u00e9.<\/em><\/p><\/blockquote>\n<h4><\/h4>\n<h4><strong>Le pouvoir de l&rsquo;individu<\/strong><\/h4>\n<p>Pourquoi un \u00eatre humain comme vous ou moi devrait-il faire la diff\u00e9rence sur un sujet aussi vaste et complexe que le climat, l&rsquo;avenir de l&rsquo;humanit\u00e9 et de la plan\u00e8te Terre ? Je r\u00e9ponds \u00e0 cette question en partant de deux ph\u00e9nom\u00e8nes observ\u00e9s dans la nature : <strong>la transition de phase et la coop\u00e9rativit\u00e9.<\/strong><\/p>\n<p>Nous observons une transition de phase, par exemple, lorsque l&rsquo;eau passe de l&rsquo;\u00e9tat liquide \u00e0 l&rsquo;\u00e9tat solide. Au cours du refroidissement, de petits agr\u00e9gats ordonn\u00e9s de mol\u00e9cules, appel\u00e9s centres de nucl\u00e9ation, apparaissent. S&rsquo;ils restent trop petits, ils se dissolvent ; s&rsquo;ils d\u00e9passent un certain seuil, ils deviennent le point de d\u00e9part d&rsquo;un cristal qui se d\u00e9veloppe. La transformation, de l&rsquo;eau 100 % liquide \u00e0 l&rsquo;eau 100 % solide, n&rsquo;est pas imm\u00e9diate mais n\u00e9cessite une transition. Cependant, lorsqu&rsquo;une masse critique suffisante est atteinte, le processus s&rsquo;acc\u00e9l\u00e8re.<\/p>\n<p>&nbsp;<\/p>\n<h4><strong>Coop\u00e9rativit\u00e9 et changement collectif<\/strong><\/h4>\n<p>Un autre ph\u00e9nom\u00e8ne \u00e0 prendre en consid\u00e9ration est celui de la coop\u00e9rativit\u00e9 biologique. Le globule rouge, par exemple, a la capacit\u00e9 de lier quatre mol\u00e9cules d&rsquo;oxyg\u00e8ne. Ce qui est int\u00e9ressant, c&rsquo;est que le processus ne se d\u00e9roule pas de mani\u00e8re ind\u00e9pendante : lorsque la premi\u00e8re mol\u00e9cule d&rsquo;oxyg\u00e8ne se lie, elle modifie l\u00e9g\u00e8rement la structure du globule rouge, facilitant ainsi la liaison de la deuxi\u00e8me. La deuxi\u00e8me facilite la troisi\u00e8me, et la troisi\u00e8me acc\u00e9l\u00e8re encore la liaison de la quatri\u00e8me.<\/p>\n<p>En d&rsquo;autres termes, chaque lien pr\u00e9pare et favorise le suivant. Le processus devient progressivement plus simple et plus rapide \u00e0 mesure qu&rsquo;il avance.<br \/>\nC&rsquo;est <strong>le principe de la coop\u00e9rativit\u00e9<\/strong> : un premier pas cr\u00e9e les conditions favorables pour que d&rsquo;autres pas similaires puissent se d\u00e9rouler plus facilement.<\/p>\n<h4><\/h4>\n<h4><strong>Favoriser la transition de notre soci\u00e9t\u00e9<\/strong><\/h4>\n<p>Et si nous appliquions cette vision \u00e0 la transition de notre soci\u00e9t\u00e9 ? Dans le passage de l&rsquo;eau \u00e0 l&rsquo;\u00e9tat solide, un centre de nucl\u00e9ation est ce petit noyau initial autour duquel le changement prend forme. C&rsquo;est un point de coh\u00e9rence : lorsqu&rsquo;il atteint une certaine stabilit\u00e9, il permet au cristal de se d\u00e9velopper.<\/p>\n<p>De la m\u00eame mani\u00e8re, dans une transformation collective, <strong>un centre de nucl\u00e9ation peut \u00eatre une personne,<\/strong> un groupe, une communaut\u00e9 qui incarne de mani\u00e8re coh\u00e9rente une nouvelle fa\u00e7on de penser et d&rsquo;agir. Il n&rsquo;impose pas, ne force pas, mais rend visible une possibilit\u00e9. L&rsquo;\u00e9l\u00e9ment qui favorise le changement est la conscience.<\/p>\n<p>Nous pouvons alors nous demander : comment devenir nous-m\u00eames un centre de nucl\u00e9ation qui favorise la transformation vers la prosp\u00e9rit\u00e9, la paix et l&rsquo;harmonie ? Ou comment rejoindre un centre d\u00e9j\u00e0 existant ? Comment contribuer \u00e0 atteindre la masse critique qui rend une transformation possible ? Certaines \u00e9tudes sur les mouvements sociaux sugg\u00e8rent qu&rsquo;il suffit que 3,5 % de la population soit activement impliqu\u00e9e pour qu&rsquo;un changement devienne irr\u00e9sistible, \u00e0 condition qu&rsquo;il soit non violent. Cette donn\u00e9e relativise le sentiment d&rsquo;impuissance qui accompagne souvent l&rsquo;\u00e9co-anxi\u00e9t\u00e9 : il ne sert \u00e0 rien de convaincre tout le monde, il faut incarner avec coh\u00e9rence ce que nous voulons faire \u00e9merger.<\/p>\n<blockquote><p><em>Comment devenir nous-m\u00eames un centre de nucl\u00e9ation qui favorise la transformation ?<\/em><\/p><\/blockquote>\n<h4><\/h4>\n<h4><strong>Transformer l&rsquo;\u00e9co-anxi\u00e9t\u00e9 en action consciente<\/strong><\/h4>\n<p>Pour faire un premier pas, nous pouvons commencer par retrouver notre autod\u00e9termination au quotidien. Cela signifie <strong>recentrer notre attention sur ce qui est r\u00e9ellement \u00e0 notre port\u00e9e<\/strong>, ici et maintenant, au lieu de la disperser sur ce que nous ne pouvons pas contr\u00f4ler. M\u00eame un petit geste, s&rsquo;il est choisi consciemment, brise le sentiment d&rsquo;impuissance. Devenez le changement que vous souhaitez voir dans le monde. Respectez la nature, agissez consciemment pour pr\u00e9server l&rsquo;environnement, soutenez les personnes et les producteurs qui font des choix de d\u00e9veloppement durables.<\/p>\n<p>L&rsquo;\u00e9co-anxi\u00e9t\u00e9 que vous avez ressentie jusqu&rsquo;\u00e0 pr\u00e9sent peut alors se transformer en une <strong>\u00e9nergie lucide, capable de g\u00e9n\u00e9rer des choix efficaces.<\/strong><\/p>\n<blockquote><p><em>Puoi diventare il cambiamento che desideri che avvenga nel mondo<\/em><\/p><\/blockquote>\n<h4><\/h4>\n<h4><strong>Les actions ne suffisent pas : la qualit\u00e9 des pens\u00e9es oriente l&rsquo;avenir<\/strong><\/h4>\n<p>Il y a un autre aspect fondamental dont je voudrais vous parler. <strong>Les actions sont importantes, mais elles ne suffisent pas<\/strong>. Il existe un niveau plus subtil qui pr\u00e9c\u00e8de l&rsquo;action : celui des pens\u00e9es et de l&rsquo;\u00e9tat int\u00e9rieur dont elles sont issues. Si nous agissons sous l&#8217;emprise de la peur, de la col\u00e8re ou de l&rsquo;angoisse, m\u00eame l&rsquo;action la plus vertueuse risque d&#8217;emporter avec elle cette m\u00eame vibration.<\/p>\n<p>Certaines r\u00e9flexions contemporaines, inspir\u00e9es de la physique quantique et des travaux du scientifique Jean-Pierre Garnier Malet, proposent une vision du temps qui n&rsquo;est pas exclusivement lin\u00e9aire. Dans cette perspective, l&rsquo;avenir n&rsquo;est pas une trajectoire unique d\u00e9j\u00e0 d\u00e9termin\u00e9e, mais un ensemble de possibilit\u00e9s. La conscience, par l&rsquo;attention et l&rsquo;intention, participe \u00e0 la direction que prend notre parcours.<\/p>\n<p>J\u2019ai appris par Jean-Pierre Garnier Malet que chaque pens\u00e9e cr\u00e9e un futur potentiel et que gr\u00e2ce au sommeil et \u00e0 la fa\u00e7on dont nous nous endormons, nous avons la possibilit\u00e9 d&rsquo;\u00eatre inspir\u00e9s pour r\u00e9aliser les futurs potentiels les plus lumineux. J&rsquo;ai approfondi ce sujet dans l&rsquo;article consacr\u00e9 au <a href=\"https:\/\/sophieott.it\/fr\/le-sommeil-reparateur-le-secret-de-la-phase-rem\/\" target=\"_blank\" rel=\"noopener\">sommeil r\u00e9parateur et \u00e0 la phase REM<\/a>, car l\u00e0 aussi, se joue une part de notre \u00e9quilibre entre ce que nous vivons aujourd&rsquo;hui et ce qui deviendra possible demain.<\/p>\n<blockquote><p><em>Il existe un niveau plus subtil qui pr\u00e9c\u00e8de l&rsquo;action : celui des pens\u00e9es et de l&rsquo;\u00e9tat int\u00e9rieur dont elles sont issues.<\/em><\/p><\/blockquote>\n<h4><\/h4>\n<h4><strong>La conscience, levier de transformation<\/strong><\/h4>\n<p>Il ne s&rsquo;agit pas de nier la r\u00e9alit\u00e9 de la crise climatique. Il s&rsquo;agit de reconna\u00eetre que <strong>notre conscience participe \u00e0 la mani\u00e8re dont nous traversons le pr\u00e9sent et construisons l&rsquo;avenir<\/strong>. Si nous imaginons rationnellement un avenir harmonieux mais que nous restons int\u00e9rieurement habit\u00e9s par la col\u00e8re et le d\u00e9sespoir, nous continuons \u00e0 alimenter des sc\u00e9narios o\u00f9 la col\u00e8re et le d\u00e9sespoir dominent. L&rsquo;\u00e9co-anxi\u00e9t\u00e9 ne se dissout donc pas : elle se consolide.<br \/>\nCultiver des pens\u00e9es possibilistes ne signifie pas fermer les yeux sur les difficult\u00e9s. Cela signifie ne pas laisser la peur devenir le seul sc\u00e9nario mental disponible. Les actions sont n\u00e9cessaires, mais la conscience dont elles sont issues est encore plus importante.<\/p>\n<blockquote><p><em>Cultiver des pens\u00e9es possibiliste ne signifie pas fermer les yeux devant les difficult\u00e9s.<\/em><\/p><\/blockquote>\n<h4><\/h4>\n<h4><strong>Choisissez votre nourriture\u00a0 <\/strong><\/h4>\n<p>Fort de cette prise de conscience, vous comprenez \u00e0 quel point l&rsquo;alimentation \u00e9motionnelle compte. <strong>La surexposition aux informations catastrophiques intensifie la peur climatique<\/strong>, alimente un sentiment de paralysie et cr\u00e9e des futurs potentiels dramatiques. Il est important de s&rsquo;informer, mais il est tout aussi important de prot\u00e9ger son \u00e9quilibre, en choisissant le moment et la mani\u00e8re de le faire. Si vous vous nourrissez d&rsquo;informations catastrophiques, vous devez les \u00e9quilibrer avec des pens\u00e9es qui nourrissent le respect, la s\u00e9r\u00e9nit\u00e9, l&rsquo;amour de la vie et de la nature, le sens de l&rsquo;\u00e9merveillement. Trouvez votre propre fa\u00e7on de vivre des moments o\u00f9 vous vous sentez confiant, serein et aimant. N&rsquo;oubliez pas de nourrir votre joie int\u00e9rieure.<\/p>\n<p><strong>Marcher dans la nature, m\u00e9diter, cultiver des relations authentiques<\/strong>, pratiquer des activit\u00e9s qui nourrissent l&rsquo;\u00e2me, accomplir de petits gestes concrets de respect pour l&rsquo;environnement : ce sont des actions simples, mais profond\u00e9ment ancr\u00e9es. Chaque geste coh\u00e9rent avec l&rsquo;avenir que nous souhaitons, cr\u00e9e une trace. Ainsi, jour apr\u00e8s jour, nous pouvons devenir de petits centres de nucl\u00e9ation de conscience, non pas en criant sur tous les toits, mais par notre fa\u00e7on de vivre.<\/p>\n<h4><\/h4>\n<h4><strong>Chronos et Kairos : habiter le temps diff\u00e9remment\u00a0 <\/strong><\/h4>\n<p>Pour conclure mon argumentation sur l&rsquo;importance de la conscience, je voudrais aborder un autre aspect : le temps. <strong>Chronos est le temps lin\u00e9aire, mesurable,<\/strong> celui des \u00e9ch\u00e9ances et des pr\u00e9visions. Si rien ne change, l&rsquo;avenir semble suivre une trajectoire d\u00e9j\u00e0 trac\u00e9e. Dans cette perspective, l&rsquo;\u00e9co-anxi\u00e9t\u00e9 trouve un terrain fertile : ce que nous craignons semble in\u00e9vitable, comme si c&rsquo;\u00e9tait d\u00e9j\u00e0 \u00e9crit.<\/p>\n<p><strong>Kairos, en revanche, est le temps de l&rsquo;opportunit\u00e9<\/strong>, le moment qualitatif o\u00f9 une bifurcation devient possible. Il ne s&rsquo;oppose pas \u00e0 Chronos, mais le traverse.<br \/>\nLa qualit\u00e9 de nos pens\u00e9es influence la trajectoire que nous renfor\u00e7ons et les opportunit\u00e9s de bifurcations qui peuvent se pr\u00e9senter. Il ne s&rsquo;agit pas d&rsquo;\u00e9liminer le temps lin\u00e9aire, qui reste n\u00e9cessaire pour nous organiser. Il s&rsquo;agit plut\u00f4t d&rsquo;avoir suffisamment de conscience pour reconna\u00eetre avec notre c\u0153ur les moments o\u00f9 une opportunit\u00e9 de changer radicalement de trajectoire se pr\u00e9sente, puis de la saisir.<\/p>\n<h4><\/h4>\n<h4><strong>De l&rsquo;\u00e9co-anxi\u00e9t\u00e9 \u00e0 la responsabilit\u00e9 int\u00e9rieure\u00a0 <\/strong><\/h4>\n<p>L&rsquo;\u00e9co-anxi\u00e9t\u00e9, signe d&rsquo;une sensibilit\u00e9 vive, peut \u00eatre l<strong>e levier d&rsquo;une transformation profonde<\/strong>. La peur peut paralyser, mais elle peut aussi r\u00e9veiller. En effet, nous ne pouvons pas tout contr\u00f4ler, mais nous pouvons choisir la qualit\u00e9 de notre pr\u00e9sence. Nous pouvons choisir la coh\u00e9rence entre ce que nous ressentons, pensons, faisons et d\u00e9sirons.<br \/>\nL&rsquo;avenir n&rsquo;est pas \u00e9crit une fois pour toutes. C&rsquo;est un processus en mouvement. Et chaque jour, dans le silence de nos choix et dans la qualit\u00e9 de nos pens\u00e9es, nous pouvons contribuer \u00e0 l&rsquo;orienter dans la direction que nous souhaitons.<\/p>\n<p>&nbsp;<\/p>\n","protected":false},"excerpt":{"rendered":"<p>L&rsquo;\u00e9co-anxi\u00e9t\u00e9 na\u00eet de la prise de conscience de la crise climatique et peut se transformer en peur climatique et en sentiment d&rsquo;impuissance. En prenant soin de nos pens\u00e9es et en agissant de mani\u00e8re consciente, nous pouvons orienter l&rsquo;avenir.<\/p>\n","protected":false},"author":5,"featured_media":12806,"comment_status":"open","ping_status":"open","sticky":false,"template":"","format":"standard","meta":{"_et_pb_use_builder":"","_et_pb_old_content":"","_et_gb_content_width":"","footnotes":""},"categories":[88,60],"tags":[978,862,871],"class_list":["post-12814","post","type-post","status-publish","format-standard","has-post-thumbnail","hentry","category-changement-de-culture","category-non-classifiee","tag-eco-anxiete","tag-physique-quantique","tag-pleine-conscience"],"yoast_head":"<!-- This site is optimized with the Yoast SEO plugin v27.5 - https:\/\/yoast.com\/product\/yoast-seo-wordpress\/ -->\n<title>\u00c9co-anxi\u00e9t\u00e9, de la peur climatique \u00e0 la conscience active - Sophie Ott<\/title>\n<meta name=\"description\" content=\"\u00c9co-anxi\u00e9t\u00e9 et peur climatique : comment transformer l&#039;anxi\u00e9t\u00e9 environnementale en conscience active, responsabilit\u00e9 int\u00e9rieure et actions coh\u00e9rentes\" \/>\n<meta name=\"robots\" content=\"index, follow, max-snippet:-1, max-image-preview:large, max-video-preview:-1\" \/>\n<link rel=\"canonical\" href=\"https:\/\/sophieott.it\/fr\/eco-anxiete-de-la-peur-climatique-a-la-conscience-active\/\" \/>\n<meta property=\"og:locale\" content=\"fr_FR\" \/>\n<meta property=\"og:type\" content=\"article\" \/>\n<meta property=\"og:title\" content=\"\u00c9co-anxi\u00e9t\u00e9, de la peur climatique \u00e0 la conscience active - Sophie Ott\" \/>\n<meta property=\"og:description\" content=\"\u00c9co-anxi\u00e9t\u00e9 et peur climatique : comment transformer l&#039;anxi\u00e9t\u00e9 environnementale en conscience active, responsabilit\u00e9 int\u00e9rieure et actions coh\u00e9rentes\" \/>\n<meta property=\"og:url\" content=\"https:\/\/sophieott.it\/fr\/eco-anxiete-de-la-peur-climatique-a-la-conscience-active\/\" \/>\n<meta property=\"og:site_name\" content=\"Sophie Ott\" \/>\n<meta property=\"article:published_time\" content=\"2026-03-03T19:14:06+00:00\" \/>\n<meta property=\"og:image\" content=\"https:\/\/sophieott.it\/wp-content\/uploads\/2026\/02\/Ecoansia.webp\" \/>\n\t<meta property=\"og:image:width\" content=\"1920\" \/>\n\t<meta property=\"og:image:height\" content=\"1280\" \/>\n\t<meta property=\"og:image:type\" content=\"image\/webp\" \/>\n<meta name=\"author\" content=\"Sophie\" \/>\n<meta name=\"twitter:card\" content=\"summary_large_image\" \/>\n<meta name=\"twitter:label1\" content=\"\u00c9crit par\" \/>\n\t<meta name=\"twitter:data1\" content=\"Sophie\" \/>\n\t<meta name=\"twitter:label2\" content=\"Dur\u00e9e de lecture estim\u00e9e\" \/>\n\t<meta name=\"twitter:data2\" content=\"10 minutes\" \/>\n<script type=\"application\/ld+json\" class=\"yoast-schema-graph\">{\"@context\":\"https:\\\/\\\/schema.org\",\"@graph\":[{\"@type\":\"Article\",\"@id\":\"https:\\\/\\\/sophieott.it\\\/fr\\\/eco-anxiete-de-la-peur-climatique-a-la-conscience-active\\\/#article\",\"isPartOf\":{\"@id\":\"https:\\\/\\\/sophieott.it\\\/fr\\\/eco-anxiete-de-la-peur-climatique-a-la-conscience-active\\\/\"},\"author\":{\"name\":\"Sophie\",\"@id\":\"https:\\\/\\\/sophieott.it\\\/#\\\/schema\\\/person\\\/5a99d5f1d5c80f06ac746af8579672e2\"},\"headline\":\"\u00c9co-anxi\u00e9t\u00e9, de la peur climatique \u00e0 la conscience active\",\"datePublished\":\"2026-03-03T19:14:06+00:00\",\"mainEntityOfPage\":{\"@id\":\"https:\\\/\\\/sophieott.it\\\/fr\\\/eco-anxiete-de-la-peur-climatique-a-la-conscience-active\\\/\"},\"wordCount\":2185,\"commentCount\":0,\"publisher\":{\"@id\":\"https:\\\/\\\/sophieott.it\\\/#\\\/schema\\\/person\\\/5a99d5f1d5c80f06ac746af8579672e2\"},\"image\":{\"@id\":\"https:\\\/\\\/sophieott.it\\\/fr\\\/eco-anxiete-de-la-peur-climatique-a-la-conscience-active\\\/#primaryimage\"},\"thumbnailUrl\":\"https:\\\/\\\/sophieott.it\\\/wp-content\\\/uploads\\\/2026\\\/02\\\/Ecoansia.webp\",\"keywords\":[\"\u00e9co-anxi\u00e9t\u00e9\",\"physique quantique\",\"pleine-conscience\"],\"articleSection\":[\"Changement de culture\",\"Non classifi\u00e9(e)\"],\"inLanguage\":\"fr-FR\",\"potentialAction\":[{\"@type\":\"CommentAction\",\"name\":\"Comment\",\"target\":[\"https:\\\/\\\/sophieott.it\\\/fr\\\/eco-anxiete-de-la-peur-climatique-a-la-conscience-active\\\/#respond\"]}]},{\"@type\":\"WebPage\",\"@id\":\"https:\\\/\\\/sophieott.it\\\/fr\\\/eco-anxiete-de-la-peur-climatique-a-la-conscience-active\\\/\",\"url\":\"https:\\\/\\\/sophieott.it\\\/fr\\\/eco-anxiete-de-la-peur-climatique-a-la-conscience-active\\\/\",\"name\":\"\u00c9co-anxi\u00e9t\u00e9, de la peur climatique \u00e0 la conscience active - Sophie Ott\",\"isPartOf\":{\"@id\":\"https:\\\/\\\/sophieott.it\\\/#website\"},\"primaryImageOfPage\":{\"@id\":\"https:\\\/\\\/sophieott.it\\\/fr\\\/eco-anxiete-de-la-peur-climatique-a-la-conscience-active\\\/#primaryimage\"},\"image\":{\"@id\":\"https:\\\/\\\/sophieott.it\\\/fr\\\/eco-anxiete-de-la-peur-climatique-a-la-conscience-active\\\/#primaryimage\"},\"thumbnailUrl\":\"https:\\\/\\\/sophieott.it\\\/wp-content\\\/uploads\\\/2026\\\/02\\\/Ecoansia.webp\",\"datePublished\":\"2026-03-03T19:14:06+00:00\",\"description\":\"\u00c9co-anxi\u00e9t\u00e9 et peur climatique : comment transformer l'anxi\u00e9t\u00e9 environnementale en conscience active, responsabilit\u00e9 int\u00e9rieure et actions coh\u00e9rentes\",\"breadcrumb\":{\"@id\":\"https:\\\/\\\/sophieott.it\\\/fr\\\/eco-anxiete-de-la-peur-climatique-a-la-conscience-active\\\/#breadcrumb\"},\"inLanguage\":\"fr-FR\",\"potentialAction\":[{\"@type\":\"ReadAction\",\"target\":[\"https:\\\/\\\/sophieott.it\\\/fr\\\/eco-anxiete-de-la-peur-climatique-a-la-conscience-active\\\/\"]}]},{\"@type\":\"ImageObject\",\"inLanguage\":\"fr-FR\",\"@id\":\"https:\\\/\\\/sophieott.it\\\/fr\\\/eco-anxiete-de-la-peur-climatique-a-la-conscience-active\\\/#primaryimage\",\"url\":\"https:\\\/\\\/sophieott.it\\\/wp-content\\\/uploads\\\/2026\\\/02\\\/Ecoansia.webp\",\"contentUrl\":\"https:\\\/\\\/sophieott.it\\\/wp-content\\\/uploads\\\/2026\\\/02\\\/Ecoansia.webp\",\"width\":1920,\"height\":1280,\"caption\":\"ecoansia-pensieri-e-azioni\"},{\"@type\":\"BreadcrumbList\",\"@id\":\"https:\\\/\\\/sophieott.it\\\/fr\\\/eco-anxiete-de-la-peur-climatique-a-la-conscience-active\\\/#breadcrumb\",\"itemListElement\":[{\"@type\":\"ListItem\",\"position\":1,\"name\":\"Home\",\"item\":\"https:\\\/\\\/sophieott.it\\\/fr\\\/\"},{\"@type\":\"ListItem\",\"position\":2,\"name\":\"\u00c9co-anxi\u00e9t\u00e9, de la peur climatique \u00e0 la conscience active\"}]},{\"@type\":\"WebSite\",\"@id\":\"https:\\\/\\\/sophieott.it\\\/#website\",\"url\":\"https:\\\/\\\/sophieott.it\\\/\",\"name\":\"Sophie Ott\",\"description\":\"Bioconsapevolezza\",\"publisher\":{\"@id\":\"https:\\\/\\\/sophieott.it\\\/#\\\/schema\\\/person\\\/5a99d5f1d5c80f06ac746af8579672e2\"},\"potentialAction\":[{\"@type\":\"SearchAction\",\"target\":{\"@type\":\"EntryPoint\",\"urlTemplate\":\"https:\\\/\\\/sophieott.it\\\/?s={search_term_string}\"},\"query-input\":{\"@type\":\"PropertyValueSpecification\",\"valueRequired\":true,\"valueName\":\"search_term_string\"}}],\"inLanguage\":\"fr-FR\"},{\"@type\":[\"Person\",\"Organization\"],\"@id\":\"https:\\\/\\\/sophieott.it\\\/#\\\/schema\\\/person\\\/5a99d5f1d5c80f06ac746af8579672e2\",\"name\":\"Sophie\",\"image\":{\"@type\":\"ImageObject\",\"inLanguage\":\"fr-FR\",\"@id\":\"https:\\\/\\\/secure.gravatar.com\\\/avatar\\\/c590a6c1ce16f9da3a7af0bb4f50335d39831e731c5a8afa5006cb8e60dd17a7?s=96&d=mm&r=g\",\"url\":\"https:\\\/\\\/secure.gravatar.com\\\/avatar\\\/c590a6c1ce16f9da3a7af0bb4f50335d39831e731c5a8afa5006cb8e60dd17a7?s=96&d=mm&r=g\",\"contentUrl\":\"https:\\\/\\\/secure.gravatar.com\\\/avatar\\\/c590a6c1ce16f9da3a7af0bb4f50335d39831e731c5a8afa5006cb8e60dd17a7?s=96&d=mm&r=g\",\"caption\":\"Sophie\"},\"logo\":{\"@id\":\"https:\\\/\\\/secure.gravatar.com\\\/avatar\\\/c590a6c1ce16f9da3a7af0bb4f50335d39831e731c5a8afa5006cb8e60dd17a7?s=96&d=mm&r=g\"}}]}<\/script>\n<!-- \/ Yoast SEO plugin. -->","yoast_head_json":{"title":"\u00c9co-anxi\u00e9t\u00e9, de la peur climatique \u00e0 la conscience active - Sophie Ott","description":"\u00c9co-anxi\u00e9t\u00e9 et peur climatique : comment transformer l'anxi\u00e9t\u00e9 environnementale en conscience active, responsabilit\u00e9 int\u00e9rieure et actions coh\u00e9rentes","robots":{"index":"index","follow":"follow","max-snippet":"max-snippet:-1","max-image-preview":"max-image-preview:large","max-video-preview":"max-video-preview:-1"},"canonical":"https:\/\/sophieott.it\/fr\/eco-anxiete-de-la-peur-climatique-a-la-conscience-active\/","og_locale":"fr_FR","og_type":"article","og_title":"\u00c9co-anxi\u00e9t\u00e9, de la peur climatique \u00e0 la conscience active - Sophie Ott","og_description":"\u00c9co-anxi\u00e9t\u00e9 et peur climatique : comment transformer l'anxi\u00e9t\u00e9 environnementale en conscience active, responsabilit\u00e9 int\u00e9rieure et actions coh\u00e9rentes","og_url":"https:\/\/sophieott.it\/fr\/eco-anxiete-de-la-peur-climatique-a-la-conscience-active\/","og_site_name":"Sophie Ott","article_published_time":"2026-03-03T19:14:06+00:00","og_image":[{"width":1920,"height":1280,"url":"https:\/\/sophieott.it\/wp-content\/uploads\/2026\/02\/Ecoansia.webp","type":"image\/webp"}],"author":"Sophie","twitter_card":"summary_large_image","twitter_misc":{"\u00c9crit par":"Sophie","Dur\u00e9e de lecture estim\u00e9e":"10 minutes"},"schema":{"@context":"https:\/\/schema.org","@graph":[{"@type":"Article","@id":"https:\/\/sophieott.it\/fr\/eco-anxiete-de-la-peur-climatique-a-la-conscience-active\/#article","isPartOf":{"@id":"https:\/\/sophieott.it\/fr\/eco-anxiete-de-la-peur-climatique-a-la-conscience-active\/"},"author":{"name":"Sophie","@id":"https:\/\/sophieott.it\/#\/schema\/person\/5a99d5f1d5c80f06ac746af8579672e2"},"headline":"\u00c9co-anxi\u00e9t\u00e9, de la peur climatique \u00e0 la conscience active","datePublished":"2026-03-03T19:14:06+00:00","mainEntityOfPage":{"@id":"https:\/\/sophieott.it\/fr\/eco-anxiete-de-la-peur-climatique-a-la-conscience-active\/"},"wordCount":2185,"commentCount":0,"publisher":{"@id":"https:\/\/sophieott.it\/#\/schema\/person\/5a99d5f1d5c80f06ac746af8579672e2"},"image":{"@id":"https:\/\/sophieott.it\/fr\/eco-anxiete-de-la-peur-climatique-a-la-conscience-active\/#primaryimage"},"thumbnailUrl":"https:\/\/sophieott.it\/wp-content\/uploads\/2026\/02\/Ecoansia.webp","keywords":["\u00e9co-anxi\u00e9t\u00e9","physique quantique","pleine-conscience"],"articleSection":["Changement de culture","Non classifi\u00e9(e)"],"inLanguage":"fr-FR","potentialAction":[{"@type":"CommentAction","name":"Comment","target":["https:\/\/sophieott.it\/fr\/eco-anxiete-de-la-peur-climatique-a-la-conscience-active\/#respond"]}]},{"@type":"WebPage","@id":"https:\/\/sophieott.it\/fr\/eco-anxiete-de-la-peur-climatique-a-la-conscience-active\/","url":"https:\/\/sophieott.it\/fr\/eco-anxiete-de-la-peur-climatique-a-la-conscience-active\/","name":"\u00c9co-anxi\u00e9t\u00e9, de la peur climatique \u00e0 la conscience active - Sophie Ott","isPartOf":{"@id":"https:\/\/sophieott.it\/#website"},"primaryImageOfPage":{"@id":"https:\/\/sophieott.it\/fr\/eco-anxiete-de-la-peur-climatique-a-la-conscience-active\/#primaryimage"},"image":{"@id":"https:\/\/sophieott.it\/fr\/eco-anxiete-de-la-peur-climatique-a-la-conscience-active\/#primaryimage"},"thumbnailUrl":"https:\/\/sophieott.it\/wp-content\/uploads\/2026\/02\/Ecoansia.webp","datePublished":"2026-03-03T19:14:06+00:00","description":"\u00c9co-anxi\u00e9t\u00e9 et peur climatique : comment transformer l'anxi\u00e9t\u00e9 environnementale en conscience active, responsabilit\u00e9 int\u00e9rieure et actions coh\u00e9rentes","breadcrumb":{"@id":"https:\/\/sophieott.it\/fr\/eco-anxiete-de-la-peur-climatique-a-la-conscience-active\/#breadcrumb"},"inLanguage":"fr-FR","potentialAction":[{"@type":"ReadAction","target":["https:\/\/sophieott.it\/fr\/eco-anxiete-de-la-peur-climatique-a-la-conscience-active\/"]}]},{"@type":"ImageObject","inLanguage":"fr-FR","@id":"https:\/\/sophieott.it\/fr\/eco-anxiete-de-la-peur-climatique-a-la-conscience-active\/#primaryimage","url":"https:\/\/sophieott.it\/wp-content\/uploads\/2026\/02\/Ecoansia.webp","contentUrl":"https:\/\/sophieott.it\/wp-content\/uploads\/2026\/02\/Ecoansia.webp","width":1920,"height":1280,"caption":"ecoansia-pensieri-e-azioni"},{"@type":"BreadcrumbList","@id":"https:\/\/sophieott.it\/fr\/eco-anxiete-de-la-peur-climatique-a-la-conscience-active\/#breadcrumb","itemListElement":[{"@type":"ListItem","position":1,"name":"Home","item":"https:\/\/sophieott.it\/fr\/"},{"@type":"ListItem","position":2,"name":"\u00c9co-anxi\u00e9t\u00e9, de la peur climatique \u00e0 la conscience active"}]},{"@type":"WebSite","@id":"https:\/\/sophieott.it\/#website","url":"https:\/\/sophieott.it\/","name":"Sophie Ott","description":"Bioconsapevolezza","publisher":{"@id":"https:\/\/sophieott.it\/#\/schema\/person\/5a99d5f1d5c80f06ac746af8579672e2"},"potentialAction":[{"@type":"SearchAction","target":{"@type":"EntryPoint","urlTemplate":"https:\/\/sophieott.it\/?s={search_term_string}"},"query-input":{"@type":"PropertyValueSpecification","valueRequired":true,"valueName":"search_term_string"}}],"inLanguage":"fr-FR"},{"@type":["Person","Organization"],"@id":"https:\/\/sophieott.it\/#\/schema\/person\/5a99d5f1d5c80f06ac746af8579672e2","name":"Sophie","image":{"@type":"ImageObject","inLanguage":"fr-FR","@id":"https:\/\/secure.gravatar.com\/avatar\/c590a6c1ce16f9da3a7af0bb4f50335d39831e731c5a8afa5006cb8e60dd17a7?s=96&d=mm&r=g","url":"https:\/\/secure.gravatar.com\/avatar\/c590a6c1ce16f9da3a7af0bb4f50335d39831e731c5a8afa5006cb8e60dd17a7?s=96&d=mm&r=g","contentUrl":"https:\/\/secure.gravatar.com\/avatar\/c590a6c1ce16f9da3a7af0bb4f50335d39831e731c5a8afa5006cb8e60dd17a7?s=96&d=mm&r=g","caption":"Sophie"},"logo":{"@id":"https:\/\/secure.gravatar.com\/avatar\/c590a6c1ce16f9da3a7af0bb4f50335d39831e731c5a8afa5006cb8e60dd17a7?s=96&d=mm&r=g"}}]}},"_links":{"self":[{"href":"https:\/\/sophieott.it\/fr\/wp-json\/wp\/v2\/posts\/12814","targetHints":{"allow":["GET"]}}],"collection":[{"href":"https:\/\/sophieott.it\/fr\/wp-json\/wp\/v2\/posts"}],"about":[{"href":"https:\/\/sophieott.it\/fr\/wp-json\/wp\/v2\/types\/post"}],"author":[{"embeddable":true,"href":"https:\/\/sophieott.it\/fr\/wp-json\/wp\/v2\/users\/5"}],"replies":[{"embeddable":true,"href":"https:\/\/sophieott.it\/fr\/wp-json\/wp\/v2\/comments?post=12814"}],"version-history":[{"count":6,"href":"https:\/\/sophieott.it\/fr\/wp-json\/wp\/v2\/posts\/12814\/revisions"}],"predecessor-version":[{"id":12820,"href":"https:\/\/sophieott.it\/fr\/wp-json\/wp\/v2\/posts\/12814\/revisions\/12820"}],"wp:featuredmedia":[{"embeddable":true,"href":"https:\/\/sophieott.it\/fr\/wp-json\/wp\/v2\/media\/12806"}],"wp:attachment":[{"href":"https:\/\/sophieott.it\/fr\/wp-json\/wp\/v2\/media?parent=12814"}],"wp:term":[{"taxonomy":"category","embeddable":true,"href":"https:\/\/sophieott.it\/fr\/wp-json\/wp\/v2\/categories?post=12814"},{"taxonomy":"post_tag","embeddable":true,"href":"https:\/\/sophieott.it\/fr\/wp-json\/wp\/v2\/tags?post=12814"}],"curies":[{"name":"wp","href":"https:\/\/api.w.org\/{rel}","templated":true}]}}